{"id":8558,"date":"2020-03-04T00:02:00","date_gmt":"2020-03-03T23:02:00","guid":{"rendered":"https:\/\/pasean2.com\/?p=8558"},"modified":"2020-03-04T00:02:00","modified_gmt":"2020-03-03T23:02:00","slug":"el-david-de-miguel-angel-florencia","status":"publish","type":"post","link":"https:\/\/martacarnero.es\/en\/blog\/el-david-de-miguel-angel-florencia\/","title":{"rendered":"El David de Miguel \u00c1ngel, c\u00f3mo visitar una obra \u00fanica en Florencia"},"content":{"rendered":"<p class=\"has-text-align-justify has-black-color has-text-color\">La visi\u00f3n del <strong>David de Miguel \u00c1ngel <\/strong>es uno de esos recuerdos que se quedan en la mente con el paso del tiempo y fue hace ya m\u00e1s de quince a\u00f1os cuando ocurri\u00f3 por primera vez. <\/p>\n\n\n\n<p class=\"has-text-align-justify has-black-color has-text-color\">La mayor\u00eda de turistas entramos despistados a la <strong>Galleria de la Academia<\/strong>, en <a href=\"https:\/\/pasean2.com\/que-ver-en-florencia\/\" target=\"_blank\" rel=\"noreferrer noopener\">Florencia<\/a>, tras una larga espera. Y transcurren minutos hasta que descubres d\u00f3nde se encuentra situada la famosa escultura. La impresi\u00f3n m\u00e1s habitual es de admiraci\u00f3n -boca abierta acompa\u00f1ada de una expresi\u00f3n tipo &#8216;wow&#8217;. Ya que uno no espera semejante grandiosidad. Con 5,17 metros de altura y casi 6 toneladas de peso, se trata de una de las <a href=\"https:\/\/pasean2.com\/8-datos-sobre-la-puerta-del-paraiso-florencia\/\" target=\"_blank\" rel=\"noreferrer noopener\">obras maestras<\/a> del Renacimiento realizada por Miguel \u00c1ngel, uno de los artistas italianos m\u00e1s grandes de todos los tiempos.<\/p>\n\n\n\n<div class=\"wp-block-image\"><figure class=\"aligncenter size-large\"><img decoding=\"async\" src=\"https:\/\/pasean2.com\/wp-content\/uploads\/2021\/03\/El-David-de-Miguel-Angel-Florencia-min-e1615202865234.jpg\" alt=\"El David de Miguel Angel Florencia\" class=\"wp-image-24647\"\/><\/figure><\/div>\n\n\n\n<p class=\"has-text-align-justify has-black-color has-text-color\">Para evitar m\u00e1s de una hora de espera os aconsejamos <strong>comprar las entradas por Internet<\/strong>, lo que os dar\u00e1 acceso inmediato. Son m\u00e1s caras, pero el tiempo es oro. Una vez all\u00ed tambi\u00e9n existe la posibilidad de contratar un <em>fast ticket<\/em> que os permitir\u00e1 saltaros la cola. El <strong>horario para ver el David de Miguel \u00c1ngel<\/strong> es de <strong>de 8:15 a 18:50 horas<\/strong>, de martes a domingo. Los lunes est\u00e1 cerrado.<\/p>\n\n\n\n<div class=\"wp-block-image\"><figure class=\"aligncenter size-large\"><img decoding=\"async\" src=\"https:\/\/pasean2.com\/wp-content\/uploads\/2021\/03\/Entrada-Galleria-de-la-Academia-Florencia-min-e1615202869488.jpg\" alt=\"Entrada Galleria de la Academia Florencia\" class=\"wp-image-24648\"\/><\/figure><\/div>\n\n\n\n<div class=\"wp-block-image\"><figure class=\"aligncenter size-large\"><img decoding=\"async\" src=\"https:\/\/pasean2.com\/wp-content\/uploads\/2021\/03\/Acceso-Galleria-de-la-Academia-min-e1615202862949.jpg\" alt=\"Acceso Galleria de la Academia\" class=\"wp-image-24646\"\/><\/figure><\/div>\n\n\n\n<p class=\"has-text-align-justify has-black-color has-text-color\">Podr\u00edamos contaros muchas m\u00e1s cosas de esta obra, pero ser\u00eda tirar de Wikipedia. Aqu\u00ed os dejamos el <strong><a href=\"http:\/\/es.wikipedia.org\/wiki\/David_(escultura_de_Miguel_%C3%81ngel)\" target=\"_blank\" rel=\"noopener noreferrer\">enlace<\/a><\/strong>. No pueden hacerse fotos con c\u00e1mara, pero nadie dijo nada de m\u00f3viles. Que nos perdonen los italianos&#8230;<\/p>\n\n\n\n<p class=\"has-text-align-justify has-black-color has-text-color\">Si busc\u00e1is un restaurante t\u00edpico\u00a0para comer cerca del <strong>David de Miguel \u00c1ngel<\/strong>, os recomendamos la <a href=\"https:\/\/pasean2.com\/trattoria-da-benvenuto-florencia\/\" target=\"_blank\" rel=\"noopener noreferrer\"><strong><em><a href=\"https:\/\/pasean2.com\/trattoria-coco-lezzone-florencia\/\">Trattoria Coco Lezzon<\/a><\/em><\/strong><em><a href=\"https:\/\/pasean2.com\/trattoria-coco-lezzone-florencia\/\"><strong>e<\/strong><\/a><\/em><\/a>, en el n\u00famero 26 de la Via del Parioncino, o el <strong><a href=\"https:\/\/pasean2.com\/mercado-central-de-florencia\/\" target=\"_blank\" rel=\"noreferrer noopener\">Mercado Central de Florencia<\/a><\/strong>.<\/p>","protected":false},"excerpt":{"rendered":"<p>La visi\u00f3n del David de Miguel \u00c1ngel es uno de esos recuerdos que se quedan en la mente con el paso del tiempo y fue hace ya m\u00e1s de quince a\u00f1os cuando ocurri\u00f3 por primera vez. La mayor\u00eda de turistas entramos despistados a la Galleria de la Academia, en Florencia, tras una larga espera. Y transcurren minutos hasta que descubres d\u00f3nde se encuentra situada la famosa escultura. La impresi\u00f3n m\u00e1s habitual es de admiraci\u00f3n -boca abierta acompa\u00f1ada de una expresi\u00f3n tipo &#8216;wow&#8217;. Ya que uno no espera semejante grandiosidad. Con 5,17 metros de altura y casi 6 toneladas de peso, se trata de una de las obras maestras del Renacimiento realizada por Miguel \u00c1ngel, uno de los artistas italianos m\u00e1s grandes de todos los tiempos. Para evitar m\u00e1s de una hora de espera os aconsejamos comprar las entradas por Internet, lo que os dar\u00e1 acceso inmediato. Son m\u00e1s caras, pero el tiempo es oro. Una vez all\u00ed tambi\u00e9n existe la posibilidad de contratar un fast ticket que os permitir\u00e1 saltaros la cola. El horario para ver el David de Miguel \u00c1ngel es de de 8:15 a 18:50 horas, de martes a domingo. Los lunes est\u00e1 cerrado. Podr\u00edamos contaros muchas m\u00e1s cosas de esta obra, pero ser\u00eda tirar de Wikipedia. Aqu\u00ed os dejamos el enlace. No pueden hacerse fotos con c\u00e1mara, pero nadie dijo nada de m\u00f3viles. Que nos perdonen los italianos&#8230; Si busc\u00e1is un restaurante t\u00edpico\u00a0para comer cerca del David de Miguel \u00c1ngel, os recomendamos la Trattoria Coco Lezzone, en el n\u00famero 26 de la Via del Parioncino, o el Mercado Central de Florencia.<\/p>","protected":false},"author":2,"featured_media":24648,"comment_status":"open","ping_status":"open","sticky":false,"template":"","format":"standard","meta":{"_eb_attr":"","site-sidebar-layout":"default","site-content-layout":"","ast-site-content-layout":"default","site-content-style":"default","site-sidebar-style":"default","ast-global-header-display":"","ast-banner-title-visibility":"","ast-main-header-display":"","ast-hfb-above-header-display":"","ast-hfb-below-header-display":"","ast-hfb-mobile-header-display":"","site-post-title":"","ast-breadcrumbs-content":"","ast-featured-img":"","footer-sml-layout":"","ast-disable-related-posts":"","theme-transparent-header-meta":"","adv-header-id-meta":"","stick-header-meta":"","header-above-stick-meta":"","header-main-stick-meta":"","header-below-stick-meta":"","astra-migrate-meta-layouts":"default","ast-page-background-enabled":"default","ast-page-background-meta":{"desktop":{"background-color":"var(--ast-global-color-4)","background-image":"","background-repeat":"repeat","background-position":"center center","background-size":"auto","background-attachment":"scroll","background-type":"","background-media":"","overlay-type":"","overlay-color":"","overlay-opacity":"","overlay-gradient":""},"tablet":{"background-color":"","background-image":"","background-repeat":"repeat","background-position":"center center","background-size":"auto","background-attachment":"scroll","background-type":"","background-media":"","overlay-type":"","overlay-color":"","overlay-opacity":"","overlay-gradient":""},"mobile":{"background-color":"","background-image":"","background-repeat":"repeat","background-position":"center center","background-size":"auto","background-attachment":"scroll","background-type":"","background-media":"","overlay-type":"","overlay-color":"","overlay-opacity":"","overlay-gradient":""}},"ast-content-background-meta":{"desktop":{"background-color":"var(--ast-global-color-5)","background-image":"","background-repeat":"repeat","background-position":"center center","background-size":"auto","background-attachment":"scroll","background-type":"","background-media":"","overlay-type":"","overlay-color":"","overlay-opacity":"","overlay-gradient":""},"tablet":{"background-color":"var(--ast-global-color-5)","background-image":"","background-repeat":"repeat","background-position":"center center","background-size":"auto","background-attachment":"scroll","background-type":"","background-media":"","overlay-type":"","overlay-color":"","overlay-opacity":"","overlay-gradient":""},"mobile":{"background-color":"var(--ast-global-color-5)","background-image":"","background-repeat":"repeat","background-position":"center center","background-size":"auto","background-attachment":"scroll","background-type":"","background-media":"","overlay-type":"","overlay-color":"","overlay-opacity":"","overlay-gradient":""}},"footnotes":""},"categories":[1],"tags":[574,186,575,187,576],"class_list":["post-8558","post","type-post","status-publish","format-standard","has-post-thumbnail","hentry","category-blog","tag-david","tag-florencia","tag-galleria","tag-italia","tag-miguel-angel-2"],"yoast_head":"<!-- This site is optimized with the Yoast SEO plugin v27.4 - https:\/\/yoast.com\/product\/yoast-seo-wordpress\/ -->\n<title>El David de Miguel \u00c1ngel, c\u00f3mo visitar una obra \u00fanica en Florencia - Marta Carnero<\/title>\n<meta name=\"robots\" content=\"index, follow, max-snippet:-1, max-image-preview:large, max-video-preview:-1\" \/>\n<link rel=\"canonical\" href=\"https:\/\/martacarnero.es\/en\/blog\/el-david-de-miguel-angel-florencia\/\" \/>\n<meta property=\"og:locale\" content=\"en_GB\" \/>\n<meta property=\"og:type\" content=\"article\" \/>\n<meta property=\"og:title\" content=\"El David de Miguel \u00c1ngel, c\u00f3mo visitar una obra \u00fanica en Florencia - Marta Carnero\" \/>\n<meta property=\"og:description\" content=\"La visi\u00f3n del David de Miguel \u00c1ngel es uno de esos recuerdos que se quedan en la mente con el paso del tiempo y fue hace ya m\u00e1s de quince a\u00f1os cuando ocurri\u00f3 por primera vez. La mayor\u00eda de turistas entramos despistados a la Galleria de la Academia, en Florencia, tras una larga espera. Y transcurren minutos hasta que descubres d\u00f3nde se encuentra situada la famosa escultura. La impresi\u00f3n m\u00e1s habitual es de admiraci\u00f3n -boca abierta acompa\u00f1ada de una expresi\u00f3n tipo &#8216;wow&#8217;. Ya que uno no espera semejante grandiosidad. Con 5,17 metros de altura y casi 6 toneladas de peso, se trata de una de las obras maestras del Renacimiento realizada por Miguel \u00c1ngel, uno de los artistas italianos m\u00e1s grandes de todos los tiempos. Para evitar m\u00e1s de una hora de espera os aconsejamos comprar las entradas por Internet, lo que os dar\u00e1 acceso inmediato. Son m\u00e1s caras, pero el tiempo es oro. Una vez all\u00ed tambi\u00e9n existe la posibilidad de contratar un fast ticket que os permitir\u00e1 saltaros la cola. El horario para ver el David de Miguel \u00c1ngel es de de 8:15 a 18:50 horas, de martes a domingo. Los lunes est\u00e1 cerrado. Podr\u00edamos contaros muchas m\u00e1s cosas de esta obra, pero ser\u00eda tirar de Wikipedia. Aqu\u00ed os dejamos el enlace. No pueden hacerse fotos con c\u00e1mara, pero nadie dijo nada de m\u00f3viles. Que nos perdonen los italianos&#8230; Si busc\u00e1is un restaurante t\u00edpico\u00a0para comer cerca del David de Miguel \u00c1ngel, os recomendamos la Trattoria Coco Lezzone, en el n\u00famero 26 de la Via del Parioncino, o el Mercado Central de Florencia.\" \/>\n<meta property=\"og:url\" content=\"https:\/\/martacarnero.es\/en\/blog\/el-david-de-miguel-angel-florencia\/\" \/>\n<meta property=\"og:site_name\" content=\"Marta Carnero\" \/>\n<meta property=\"article:published_time\" content=\"2020-03-03T23:02:00+00:00\" \/>\n<meta name=\"author\" content=\"Marta Carnero\" \/>\n<meta name=\"twitter:card\" content=\"summary_large_image\" \/>\n<meta name=\"twitter:label1\" content=\"Written by\" \/>\n\t<meta name=\"twitter:data1\" content=\"Marta Carnero\" \/>\n\t<meta name=\"twitter:label2\" content=\"Estimated reading time\" \/>\n\t<meta name=\"twitter:data2\" content=\"1 minute\" \/>\n<script type=\"application\/ld+json\" class=\"yoast-schema-graph\">{\"@context\":\"https:\\\/\\\/schema.org\",\"@graph\":[{\"@type\":\"Article\",\"@id\":\"https:\\\/\\\/martacarnero.es\\\/blog\\\/el-david-de-miguel-angel-florencia\\\/#article\",\"isPartOf\":{\"@id\":\"https:\\\/\\\/martacarnero.es\\\/blog\\\/el-david-de-miguel-angel-florencia\\\/\"},\"author\":{\"name\":\"Marta Carnero\",\"@id\":\"https:\\\/\\\/martacarnero.es\\\/#\\\/schema\\\/person\\\/0e9b43b37ecfc7ae504698a58718f6b7\"},\"headline\":\"El David de Miguel \u00c1ngel, c\u00f3mo visitar una obra \u00fanica en Florencia\",\"datePublished\":\"2020-03-03T23:02:00+00:00\",\"mainEntityOfPage\":{\"@id\":\"https:\\\/\\\/martacarnero.es\\\/blog\\\/el-david-de-miguel-angel-florencia\\\/\"},\"wordCount\":296,\"commentCount\":0,\"publisher\":{\"@id\":\"https:\\\/\\\/martacarnero.es\\\/#organization\"},\"image\":{\"@id\":\"https:\\\/\\\/martacarnero.es\\\/blog\\\/el-david-de-miguel-angel-florencia\\\/#primaryimage\"},\"thumbnailUrl\":\"\",\"keywords\":[\"David\",\"Florencia\",\"Galleria\",\"Italia\",\"Miguel \u00c1ngel\"],\"articleSection\":[\"Blog\"],\"inLanguage\":\"en-GB\",\"potentialAction\":[{\"@type\":\"CommentAction\",\"name\":\"Comment\",\"target\":[\"https:\\\/\\\/martacarnero.es\\\/blog\\\/el-david-de-miguel-angel-florencia\\\/#respond\"]}]},{\"@type\":\"WebPage\",\"@id\":\"https:\\\/\\\/martacarnero.es\\\/blog\\\/el-david-de-miguel-angel-florencia\\\/\",\"url\":\"https:\\\/\\\/martacarnero.es\\\/blog\\\/el-david-de-miguel-angel-florencia\\\/\",\"name\":\"El David de Miguel \u00c1ngel, c\u00f3mo visitar una obra \u00fanica en Florencia - Marta Carnero\",\"isPartOf\":{\"@id\":\"https:\\\/\\\/martacarnero.es\\\/#website\"},\"primaryImageOfPage\":{\"@id\":\"https:\\\/\\\/martacarnero.es\\\/blog\\\/el-david-de-miguel-angel-florencia\\\/#primaryimage\"},\"image\":{\"@id\":\"https:\\\/\\\/martacarnero.es\\\/blog\\\/el-david-de-miguel-angel-florencia\\\/#primaryimage\"},\"thumbnailUrl\":\"\",\"datePublished\":\"2020-03-03T23:02:00+00:00\",\"breadcrumb\":{\"@id\":\"https:\\\/\\\/martacarnero.es\\\/blog\\\/el-david-de-miguel-angel-florencia\\\/#breadcrumb\"},\"inLanguage\":\"en-GB\",\"potentialAction\":[{\"@type\":\"ReadAction\",\"target\":[\"https:\\\/\\\/martacarnero.es\\\/blog\\\/el-david-de-miguel-angel-florencia\\\/\"]}]},{\"@type\":\"ImageObject\",\"inLanguage\":\"en-GB\",\"@id\":\"https:\\\/\\\/martacarnero.es\\\/blog\\\/el-david-de-miguel-angel-florencia\\\/#primaryimage\",\"url\":\"\",\"contentUrl\":\"\"},{\"@type\":\"BreadcrumbList\",\"@id\":\"https:\\\/\\\/martacarnero.es\\\/blog\\\/el-david-de-miguel-angel-florencia\\\/#breadcrumb\",\"itemListElement\":[{\"@type\":\"ListItem\",\"position\":1,\"name\":\"Portada\",\"item\":\"https:\\\/\\\/martacarnero.es\\\/\"},{\"@type\":\"ListItem\",\"position\":2,\"name\":\"El David de Miguel \u00c1ngel, c\u00f3mo visitar una obra \u00fanica en Florencia\"}]},{\"@type\":\"WebSite\",\"@id\":\"https:\\\/\\\/martacarnero.es\\\/#website\",\"url\":\"https:\\\/\\\/martacarnero.es\\\/\",\"name\":\"Marta Carnero\",\"description\":\"\",\"publisher\":{\"@id\":\"https:\\\/\\\/martacarnero.es\\\/#organization\"},\"potentialAction\":[{\"@type\":\"SearchAction\",\"target\":{\"@type\":\"EntryPoint\",\"urlTemplate\":\"https:\\\/\\\/martacarnero.es\\\/?s={search_term_string}\"},\"query-input\":{\"@type\":\"PropertyValueSpecification\",\"valueRequired\":true,\"valueName\":\"search_term_string\"}}],\"inLanguage\":\"en-GB\"},{\"@type\":\"Organization\",\"@id\":\"https:\\\/\\\/martacarnero.es\\\/#organization\",\"name\":\"Marta Carnero\",\"url\":\"https:\\\/\\\/martacarnero.es\\\/\",\"logo\":{\"@type\":\"ImageObject\",\"inLanguage\":\"en-GB\",\"@id\":\"https:\\\/\\\/martacarnero.es\\\/#\\\/schema\\\/logo\\\/image\\\/\",\"url\":\"https:\\\/\\\/martacarnero.es\\\/wp-content\\\/uploads\\\/2023\\\/07\\\/cropped-Logo_MC-1.png\",\"contentUrl\":\"https:\\\/\\\/martacarnero.es\\\/wp-content\\\/uploads\\\/2023\\\/07\\\/cropped-Logo_MC-1.png\",\"width\":500,\"height\":500,\"caption\":\"Marta Carnero\"},\"image\":{\"@id\":\"https:\\\/\\\/martacarnero.es\\\/#\\\/schema\\\/logo\\\/image\\\/\"}},{\"@type\":\"Person\",\"@id\":\"https:\\\/\\\/martacarnero.es\\\/#\\\/schema\\\/person\\\/0e9b43b37ecfc7ae504698a58718f6b7\",\"name\":\"Marta Carnero\",\"image\":{\"@type\":\"ImageObject\",\"inLanguage\":\"en-GB\",\"@id\":\"https:\\\/\\\/secure.gravatar.com\\\/avatar\\\/95ebcaaaaa2c252fed8610d9f8962a2a9eb16551b775ca1d275ec078f2efecbc?s=96&d=mm&r=g\",\"url\":\"https:\\\/\\\/secure.gravatar.com\\\/avatar\\\/95ebcaaaaa2c252fed8610d9f8962a2a9eb16551b775ca1d275ec078f2efecbc?s=96&d=mm&r=g\",\"contentUrl\":\"https:\\\/\\\/secure.gravatar.com\\\/avatar\\\/95ebcaaaaa2c252fed8610d9f8962a2a9eb16551b775ca1d275ec078f2efecbc?s=96&d=mm&r=g\",\"caption\":\"Marta Carnero\"},\"sameAs\":[\"https:\\\/\\\/martacarnero.es\"],\"url\":\"https:\\\/\\\/martacarnero.es\\\/en\\\/blog\\\/author\\\/marta-carnero\\\/\"}]}<\/script>\n<!-- \/ Yoast SEO plugin. -->","yoast_head_json":{"title":"El David de Miguel \u00c1ngel, c\u00f3mo visitar una obra \u00fanica en Florencia - Marta Carnero","robots":{"index":"index","follow":"follow","max-snippet":"max-snippet:-1","max-image-preview":"max-image-preview:large","max-video-preview":"max-video-preview:-1"},"canonical":"https:\/\/martacarnero.es\/en\/blog\/el-david-de-miguel-angel-florencia\/","og_locale":"en_GB","og_type":"article","og_title":"El David de Miguel \u00c1ngel, c\u00f3mo visitar una obra \u00fanica en Florencia - Marta Carnero","og_description":"La visi\u00f3n del David de Miguel \u00c1ngel es uno de esos recuerdos que se quedan en la mente con el paso del tiempo y fue hace ya m\u00e1s de quince a\u00f1os cuando ocurri\u00f3 por primera vez. La mayor\u00eda de turistas entramos despistados a la Galleria de la Academia, en Florencia, tras una larga espera. Y transcurren minutos hasta que descubres d\u00f3nde se encuentra situada la famosa escultura. La impresi\u00f3n m\u00e1s habitual es de admiraci\u00f3n -boca abierta acompa\u00f1ada de una expresi\u00f3n tipo &#8216;wow&#8217;. Ya que uno no espera semejante grandiosidad. Con 5,17 metros de altura y casi 6 toneladas de peso, se trata de una de las obras maestras del Renacimiento realizada por Miguel \u00c1ngel, uno de los artistas italianos m\u00e1s grandes de todos los tiempos. Para evitar m\u00e1s de una hora de espera os aconsejamos comprar las entradas por Internet, lo que os dar\u00e1 acceso inmediato. Son m\u00e1s caras, pero el tiempo es oro. Una vez all\u00ed tambi\u00e9n existe la posibilidad de contratar un fast ticket que os permitir\u00e1 saltaros la cola. El horario para ver el David de Miguel \u00c1ngel es de de 8:15 a 18:50 horas, de martes a domingo. Los lunes est\u00e1 cerrado. Podr\u00edamos contaros muchas m\u00e1s cosas de esta obra, pero ser\u00eda tirar de Wikipedia. Aqu\u00ed os dejamos el enlace. No pueden hacerse fotos con c\u00e1mara, pero nadie dijo nada de m\u00f3viles. Que nos perdonen los italianos&#8230; Si busc\u00e1is un restaurante t\u00edpico\u00a0para comer cerca del David de Miguel \u00c1ngel, os recomendamos la Trattoria Coco Lezzone, en el n\u00famero 26 de la Via del Parioncino, o el Mercado Central de Florencia.","og_url":"https:\/\/martacarnero.es\/en\/blog\/el-david-de-miguel-angel-florencia\/","og_site_name":"Marta Carnero","article_published_time":"2020-03-03T23:02:00+00:00","author":"Marta Carnero","twitter_card":"summary_large_image","twitter_misc":{"Written by":"Marta Carnero","Estimated reading time":"1 minute"},"schema":{"@context":"https:\/\/schema.org","@graph":[{"@type":"Article","@id":"https:\/\/martacarnero.es\/blog\/el-david-de-miguel-angel-florencia\/#article","isPartOf":{"@id":"https:\/\/martacarnero.es\/blog\/el-david-de-miguel-angel-florencia\/"},"author":{"name":"Marta Carnero","@id":"https:\/\/martacarnero.es\/#\/schema\/person\/0e9b43b37ecfc7ae504698a58718f6b7"},"headline":"El David de Miguel \u00c1ngel, c\u00f3mo visitar una obra \u00fanica en Florencia","datePublished":"2020-03-03T23:02:00+00:00","mainEntityOfPage":{"@id":"https:\/\/martacarnero.es\/blog\/el-david-de-miguel-angel-florencia\/"},"wordCount":296,"commentCount":0,"publisher":{"@id":"https:\/\/martacarnero.es\/#organization"},"image":{"@id":"https:\/\/martacarnero.es\/blog\/el-david-de-miguel-angel-florencia\/#primaryimage"},"thumbnailUrl":"","keywords":["David","Florencia","Galleria","Italia","Miguel \u00c1ngel"],"articleSection":["Blog"],"inLanguage":"en-GB","potentialAction":[{"@type":"CommentAction","name":"Comment","target":["https:\/\/martacarnero.es\/blog\/el-david-de-miguel-angel-florencia\/#respond"]}]},{"@type":"WebPage","@id":"https:\/\/martacarnero.es\/blog\/el-david-de-miguel-angel-florencia\/","url":"https:\/\/martacarnero.es\/blog\/el-david-de-miguel-angel-florencia\/","name":"El David de Miguel \u00c1ngel, c\u00f3mo visitar una obra \u00fanica en Florencia - Marta Carnero","isPartOf":{"@id":"https:\/\/martacarnero.es\/#website"},"primaryImageOfPage":{"@id":"https:\/\/martacarnero.es\/blog\/el-david-de-miguel-angel-florencia\/#primaryimage"},"image":{"@id":"https:\/\/martacarnero.es\/blog\/el-david-de-miguel-angel-florencia\/#primaryimage"},"thumbnailUrl":"","datePublished":"2020-03-03T23:02:00+00:00","breadcrumb":{"@id":"https:\/\/martacarnero.es\/blog\/el-david-de-miguel-angel-florencia\/#breadcrumb"},"inLanguage":"en-GB","potentialAction":[{"@type":"ReadAction","target":["https:\/\/martacarnero.es\/blog\/el-david-de-miguel-angel-florencia\/"]}]},{"@type":"ImageObject","inLanguage":"en-GB","@id":"https:\/\/martacarnero.es\/blog\/el-david-de-miguel-angel-florencia\/#primaryimage","url":"","contentUrl":""},{"@type":"BreadcrumbList","@id":"https:\/\/martacarnero.es\/blog\/el-david-de-miguel-angel-florencia\/#breadcrumb","itemListElement":[{"@type":"ListItem","position":1,"name":"Portada","item":"https:\/\/martacarnero.es\/"},{"@type":"ListItem","position":2,"name":"El David de Miguel \u00c1ngel, c\u00f3mo visitar una obra \u00fanica en Florencia"}]},{"@type":"WebSite","@id":"https:\/\/martacarnero.es\/#website","url":"https:\/\/martacarnero.es\/","name":"Marta Carnero","description":"","publisher":{"@id":"https:\/\/martacarnero.es\/#organization"},"potentialAction":[{"@type":"SearchAction","target":{"@type":"EntryPoint","urlTemplate":"https:\/\/martacarnero.es\/?s={search_term_string}"},"query-input":{"@type":"PropertyValueSpecification","valueRequired":true,"valueName":"search_term_string"}}],"inLanguage":"en-GB"},{"@type":"Organization","@id":"https:\/\/martacarnero.es\/#organization","name":"Marta Carnero","url":"https:\/\/martacarnero.es\/","logo":{"@type":"ImageObject","inLanguage":"en-GB","@id":"https:\/\/martacarnero.es\/#\/schema\/logo\/image\/","url":"https:\/\/martacarnero.es\/wp-content\/uploads\/2023\/07\/cropped-Logo_MC-1.png","contentUrl":"https:\/\/martacarnero.es\/wp-content\/uploads\/2023\/07\/cropped-Logo_MC-1.png","width":500,"height":500,"caption":"Marta Carnero"},"image":{"@id":"https:\/\/martacarnero.es\/#\/schema\/logo\/image\/"}},{"@type":"Person","@id":"https:\/\/martacarnero.es\/#\/schema\/person\/0e9b43b37ecfc7ae504698a58718f6b7","name":"Marta Carnero","image":{"@type":"ImageObject","inLanguage":"en-GB","@id":"https:\/\/secure.gravatar.com\/avatar\/95ebcaaaaa2c252fed8610d9f8962a2a9eb16551b775ca1d275ec078f2efecbc?s=96&d=mm&r=g","url":"https:\/\/secure.gravatar.com\/avatar\/95ebcaaaaa2c252fed8610d9f8962a2a9eb16551b775ca1d275ec078f2efecbc?s=96&d=mm&r=g","contentUrl":"https:\/\/secure.gravatar.com\/avatar\/95ebcaaaaa2c252fed8610d9f8962a2a9eb16551b775ca1d275ec078f2efecbc?s=96&d=mm&r=g","caption":"Marta Carnero"},"sameAs":["https:\/\/martacarnero.es"],"url":"https:\/\/martacarnero.es\/en\/blog\/author\/marta-carnero\/"}]}},"rttpg_featured_image_url":null,"rttpg_author":{"display_name":"Marta Carnero","author_link":"https:\/\/martacarnero.es\/en\/blog\/author\/marta-carnero\/"},"rttpg_comment":8,"rttpg_category":"<a href=\"https:\/\/martacarnero.es\/en\/blog\/category\/blog\/\" rel=\"category tag\">Blog<\/a>","rttpg_excerpt":"La visi\u00f3n del David de Miguel \u00c1ngel es uno de esos recuerdos que se quedan en la mente con el paso del tiempo y fue hace ya m\u00e1s de quince a\u00f1os cuando ocurri\u00f3 por primera vez. La mayor\u00eda de turistas entramos despistados a la Galleria de la Academia, en Florencia, tras una larga espera. Y&hellip;","_links":{"self":[{"href":"https:\/\/martacarnero.es\/en\/wp-json\/wp\/v2\/posts\/8558","targetHints":{"allow":["GET"]}}],"collection":[{"href":"https:\/\/martacarnero.es\/en\/wp-json\/wp\/v2\/posts"}],"about":[{"href":"https:\/\/martacarnero.es\/en\/wp-json\/wp\/v2\/types\/post"}],"author":[{"embeddable":true,"href":"https:\/\/martacarnero.es\/en\/wp-json\/wp\/v2\/users\/2"}],"replies":[{"embeddable":true,"href":"https:\/\/martacarnero.es\/en\/wp-json\/wp\/v2\/comments?post=8558"}],"version-history":[{"count":0,"href":"https:\/\/martacarnero.es\/en\/wp-json\/wp\/v2\/posts\/8558\/revisions"}],"wp:featuredmedia":[{"embeddable":true,"href":"https:\/\/martacarnero.es\/en\/wp-json\/"}],"wp:attachment":[{"href":"https:\/\/martacarnero.es\/en\/wp-json\/wp\/v2\/media?parent=8558"}],"wp:term":[{"taxonomy":"category","embeddable":true,"href":"https:\/\/martacarnero.es\/en\/wp-json\/wp\/v2\/categories?post=8558"},{"taxonomy":"post_tag","embeddable":true,"href":"https:\/\/martacarnero.es\/en\/wp-json\/wp\/v2\/tags?post=8558"}],"curies":[{"name":"wp","href":"https:\/\/api.w.org\/{rel}","templated":true}]}}